{"id":27711,"date":"2026-09-04T16:00:00","date_gmt":"2026-09-04T16:00:00","guid":{"rendered":"https:\/\/www.brethren.org\/news\/?p=27711"},"modified":"2026-09-04T19:37:44","modified_gmt":"2026-09-04T19:37:44","slug":"recordando-el-11-de-septiembre","status":"publish","type":"post","link":"https:\/\/www.brethren.org\/news\/2026\/recordando-el-11-de-septiembre\/","title":{"rendered":"Recordando el 11 de septiembre"},"content":{"rendered":"\n<figure class=\"wp-block-image is-resized\"><img loading=\"lazy\" decoding=\"async\" width=\"1024\" height=\"666\" src=\"https:\/\/www.brethren.org\/news\/wp-content\/uploads\/sites\/2\/2026\/09\/Messenger-2001-11-coverimage-grayscale-1200px-1024x666.jpg\" alt=\"\" class=\"wp-image-27697\" style=\"aspect-ratio:1.5375375375375375;width:1024px;height:auto\" srcset=\"https:\/\/www.brethren.org\/news\/wp-content\/uploads\/sites\/2\/2026\/09\/Messenger-2001-11-coverimage-grayscale-1200px-1024x666.jpg 1024w, https:\/\/www.brethren.org\/news\/wp-content\/uploads\/sites\/2\/2026\/09\/Messenger-2001-11-coverimage-grayscale-1200px-300x195.jpg 300w, https:\/\/www.brethren.org\/news\/wp-content\/uploads\/sites\/2\/2026\/09\/Messenger-2001-11-coverimage-grayscale-1200px-768x500.jpg 768w, https:\/\/www.brethren.org\/news\/wp-content\/uploads\/sites\/2\/2026\/09\/Messenger-2001-11-coverimage-grayscale-1200px-560x364.jpg 560w, https:\/\/www.brethren.org\/news\/wp-content\/uploads\/sites\/2\/2026\/09\/Messenger-2001-11-coverimage-grayscale-1200px.jpg 1200w\" sizes=\"auto, (max-width: 1024px) 100vw, 1024px\" \/><figcaption class=\"wp-element-caption\"><em>Cr\u00e9dito de la foto:<\/em> Messenger<\/figcaption><\/figure>\n\n\n\n<h2 class=\"wp-block-heading\">Cristo es nuestra paz<\/h2>\n\n\n\n<p class=\"wp-block-paragraph\"><em>Declaraci\u00f3n del secretario general de la Iglesia de los Hermanos, David Steele, con motivo del 25 aniversario del <a href=\"https:\/\/www.911memorial.org\/\">11 de septiembre de 2001<\/a> :<\/em><\/p>\n\n\n\n<p class=\"wp-block-paragraph\">Han transcurrido veinticinco a\u00f1os desde los atentados terroristas del 11 de septiembre, pero el dolor de aquel d\u00eda sigue muy presente para muchos.<\/p>\n\n\n\n<p class=\"wp-block-paragraph\">Recordamos a las casi 3.000 personas que perdieron la vida en la ciudad de Nueva York, en el Pent\u00e1gono y cerca de Shanksville, Pensilvania. Honramos a quienes se enfrentaron al peligro para ayudar a los dem\u00e1s y oramos por las familias, los sobrevivientes, los rescatistas y los trabajadores de recuperaci\u00f3n, y las comunidades que siguen lidiando con el dolor, el trauma, la enfermedad y la p\u00e9rdida.<\/p>\n\n\n\n<p class=\"wp-block-paragraph\">Tambi\u00e9n recordamos el sufrimiento que sigui\u00f3. Las guerras devastaron comunidades en el extranjero y causaron p\u00e9rdidas y traumas duraderos a familias en Estados Unidos. Musulmanes, sijs, \u00e1rabes, surasi\u00e1ticos y otros vecinos sufrieron discriminaci\u00f3n y violencia racista y xen\u00f3foba por ser quienes eran, o por la percepci\u00f3n que se ten\u00eda de ellos.<\/p>\n\n\n\n<p class=\"wp-block-paragraph\">Las consecuencias del 11 de septiembre demostraron c\u00f3mo el miedo puede agravar la tragedia, transformando el dolor en sospecha, exclusi\u00f3n y agresi\u00f3n. Ese peligro no pertenece solo al pasado. Hoy, el miedo se utiliza nuevamente para dividir a los vecinos, presentar a las personas como amenazas y justificar la b\u00fasqueda del poder.<\/p>\n\n\n\n<p class=\"wp-block-paragraph\"><strong>La iglesia debe dar testimonio de otro camino.<\/strong><\/p>\n\n\n\n<p class=\"wp-block-paragraph\">Las Escrituras proclaman que Cristo es nuestra paz y ha derribado el muro de hostilidad que nos separaba (Efesios 2:14). Como iglesia de paz, estamos llamados a encarnar esa paz con valent\u00eda y acci\u00f3n. Seguir a Jes\u00fas significa solidarizarnos con las personas que sufren violencia, resistir el odio, buscar la justicia y vencer el mal con el bien.<\/p>\n\n\n\n<p class=\"wp-block-paragraph\">Tambi\u00e9n nos exige examinar nuestras lealtades. Ninguna naci\u00f3n, partido pol\u00edtico, l\u00edder o ideolog\u00eda merece la devoci\u00f3n que le corresponde a Cristo. La iglesia no debe usar la fe para justificar la b\u00fasqueda del poder ni anteponer los intereses nacionales al amor al pr\u00f3jimo.<\/p>\n\n\n\n<p class=\"wp-block-paragraph\">Nuestra lealtad a Cristo se manifiesta en nuestra forma de convivir con quienes nos rodean. Ser \u00abJes\u00fas en el vecindario\u00bb significa acercarnos los unos a los otros, compartir las cargas y los dones de los dem\u00e1s, y buscar el bienestar de toda la comunidad.<\/p>\n\n\n\n<p class=\"wp-block-paragraph\">Esa lealtad debe ir m\u00e1s all\u00e1 de las palabras. En tiempos en que el miedo nos separa, Jes\u00fas nos invita a acercarnos los unos a los otros: a conocer a nuestros pr\u00f3jimos, escuchar sus experiencias, compartir las cargas y los dones de los dem\u00e1s, y buscar el bienestar de toda la comunidad.<\/p>\n\n\n\n<p class=\"wp-block-paragraph\">En este aniversario, hacemos un llamado a nuestras congregaciones a encarnar esa paz con valent\u00eda y acci\u00f3n mediante:<\/p>\n\n\n\n<ul class=\"wp-block-list\">\n<li>Recordar con sinceridad a trav\u00e9s de la oraci\u00f3n, la adoraci\u00f3n, el lamento y el aprendizaje.<\/li>\n\n\n\n<li>Construir relaciones que trasciendan las diferencias religiosas, culturales y pol\u00edticas, rechazando el lenguaje y las acciones que menosprecian o deshumanizan a los dem\u00e1s.<\/li>\n\n\n\n<li>Practicar la sanaci\u00f3n a trav\u00e9s del servicio, la transformaci\u00f3n de conflictos y la solidaridad con quienes sufren violencia, exclusi\u00f3n, aislamiento o dificultades.<\/li>\n<\/ul>\n\n\n\n<p class=\"wp-block-paragraph\">No podemos deshacer la violencia del 11 de septiembre ni el sufrimiento que le sigui\u00f3. Pero podemos negarnos a que el miedo tenga la \u00faltima palabra. Que Dios consuele a todos los que lloran y nos d\u00e9 valor para seguir a Jes\u00fas, compartiendo su paz dondequiera que vivamos.<\/p>\n\n\n\n<p class=\"wp-block-paragraph\">Para la gloria de Dios y el bien de nuestro pr\u00f3jimo,<\/p>\n\n\n\n<p class=\"wp-block-paragraph\">David A. Steele,<br>Secretario General<br>de la Iglesia de los Hermanos<\/p>\n\n\n\n<figure class=\"wp-block-image is-resized\"><img loading=\"lazy\" decoding=\"async\" width=\"801\" height=\"1024\" src=\"https:\/\/www.brethren.org\/news\/wp-content\/uploads\/sites\/2\/2026\/09\/Messenger-2001-11-coverimage-1200px-801x1024.jpg\" alt=\"\" class=\"wp-image-27687\" style=\"aspect-ratio:0.7822265625;width:801px;height:auto\" srcset=\"https:\/\/www.brethren.org\/news\/wp-content\/uploads\/sites\/2\/2026\/09\/Messenger-2001-11-coverimage-1200px-801x1024.jpg 801w, https:\/\/www.brethren.org\/news\/wp-content\/uploads\/sites\/2\/2026\/09\/Messenger-2001-11-coverimage-1200px-235x300.jpg 235w, https:\/\/www.brethren.org\/news\/wp-content\/uploads\/sites\/2\/2026\/09\/Messenger-2001-11-coverimage-1200px-768x981.jpg 768w, https:\/\/www.brethren.org\/news\/wp-content\/uploads\/sites\/2\/2026\/09\/Messenger-2001-11-coverimage-1200px-560x716.jpg 560w, https:\/\/www.brethren.org\/news\/wp-content\/uploads\/sites\/2\/2026\/09\/Messenger-2001-11-coverimage-1200px.jpg 939w\" sizes=\"auto, (max-width: 801px) 100vw, 801px\" \/><figcaption class=\"wp-element-caption\"><em>En la portada del n\u00famero de noviembre de 2001 de<\/em> Messenger<\/figcaption><\/figure>\n\n\n\n<h2 class=\"wp-block-heading\">Lo que hicimos: <strong>En respuesta al 11-S, la Iglesia de los Hermanos emprendi\u00f3 una campa\u00f1a de paz.<\/strong><\/h2>\n\n\n\n<p class=\"wp-block-paragraph\"><em>El n\u00famero de noviembre de 2001 de la<\/em> revista Messenger <em>( <a href=\"https:\/\/www.brethren.org\/messenger\/archive\/2001-issues\">desc\u00e1rguelo aqu\u00ed<\/a> ), el primero de la revista de la Iglesia de los Hermanos publicado tras los atentados del 11 de septiembre, analiz\u00f3 las respuestas pac\u00edficas de los Hermanos en todo el pa\u00eds. He aqu\u00ed un extracto:<\/em><\/p>\n\n\n\n<p class=\"wp-block-paragraph\">Mientras los rumores de guerra se extend\u00edan por la capital del pa\u00eds y otros lugares en las semanas posteriores a los ataques terroristas del 11 de septiembre en la costa este, los Hermanos buscaban responder con actos de paz y amor.<\/p>\n\n\n\n<p class=\"wp-block-paragraph\"><strong>El Centro de Servicio de los Hermanos<\/strong> se convirti\u00f3 r\u00e1pidamente en un centro de actividad. Los Ministerios de Respuesta y Servicio de Emergencia activaron equipos de cuidado infantil, prepararon los suministros y fondos necesarios y establecieron una oficina de campo de emergencia para el personal de Church World Service.<\/p>\n\n\n\n<p class=\"wp-block-paragraph\"><strong>Una subvenci\u00f3n de 25&nbsp;000 d\u00f3lares del Fondo de Emergencia para Desastres<\/strong> fue aprobada al d\u00eda siguiente de los ataques, y los voluntarios del programa de Asistencia Infantil en Incidentes A\u00e9reos (CAIR, por sus siglas en ingl\u00e9s) pronto partieron desde lugares tan lejanos como Nebraska. Para el fin de semana, tres equipos de CAIR con 18 voluntarios se dirigieron a Nueva York. Trabajando en un almac\u00e9n reconvertido en uno de los muelles del r\u00edo Hudson en Manhattan, ayudaron a los ni\u00f1os a sobrellevar la tragedia. Mientras los primeros equipos de CAIR finalizaban sus tareas, otros voluntarios del programa de Asistencia Infantil en Desastres comenzaron a trabajar en Nueva York.<\/p>\n\n\n\n<p class=\"wp-block-paragraph\"><strong>Las labores de ayuda local se llevaron a cabo<\/strong> a trav\u00e9s de las dos congregaciones de la Iglesia de los Hermanos en el \u00e1rea de Nueva York: Brooklyn First y First Haitian. \u00abLa ciudad se est\u00e1 recuperando poco a poco\u00bb, dijo Phill Carlos Archbold, pastor asociado de Brooklyn First, dos semanas despu\u00e9s de los ataques, \u00abpero hay mucho miedo\u00bb. Los miembros de la iglesia ayudaron a distribuir mascarillas y mantas el d\u00eda del ataque y otros suministros posteriormente. M\u00e1s tarde, dijo que la iglesia se centr\u00f3 en ayudar a las personas a superar el duelo, escuch\u00e1ndolas atentamente. Una de las v\u00edctimas del ataque al World Trade Center, <strong>Joseph Anchundia<\/strong> , pertenec\u00eda a una familia que hab\u00eda sido miembro de Brooklyn First durante mucho tiempo. La iglesia tambi\u00e9n plane\u00f3 un servicio conmemorativo en honor a los bomberos de la zona que perdieron la vida y busc\u00f3 apoyar a sus numerosos miembros \u00e1rabes.<\/p>\n\n\n\n<p class=\"wp-block-paragraph\"><strong>Brethren Press<\/strong> equip\u00f3 a las congregaciones creando un repositorio de recursos en l\u00ednea titulado &#8220;El Camino de la Paz&#8221; y tambi\u00e9n pidi\u00f3 a los pastores y a otras personas que enviaran recursos de culto que hubieran creado.<\/p>\n\n\n\n<p class=\"wp-block-paragraph\"><strong>En Earth Peace<\/strong> se puso en marcha una nueva iniciativa titulada \u201cBuscando la paz\u201d.<\/p>\n\n\n\n<p class=\"wp-block-paragraph\"><strong>Se celebraron servicios religiosos<\/strong> en cientos de iglesias y otros participaron en servicios comunitarios e interreligiosos. En el campo de batalla de Antietam, el pastor Paul Mundey de Frederick (Maryland) dirigi\u00f3 un servicio en la hist\u00f3rica casa de reuniones de Dunker. Cerca de Toledo, Ohio, la congregaci\u00f3n de Lakewood envi\u00f3 una carta de apoyo a un centro comunitario isl\u00e1mico de la ciudad. En La Verne, California, algunos miembros de la congregaci\u00f3n brindaron apoyo a una escuela isl\u00e1mica en la cercana Pomona. En Lebanon, Pensilvania, la Subasta Ben\u00e9fica de los Hermanos celebr\u00f3 su 25.\u00ba aniversario recaudando m\u00e1s de medio mill\u00f3n de d\u00f3lares para ayuda humanitaria.<\/p>\n\n\n\n<figure class=\"wp-block-image is-resized\"><img loading=\"lazy\" decoding=\"async\" width=\"809\" height=\"1024\" src=\"https:\/\/www.brethren.org\/news\/wp-content\/uploads\/sites\/2\/2026\/09\/Messenger-2001-11-JudyMillsReimerQuote-1200px-809x1024.jpg\" alt=\"\" class=\"wp-image-27690\" style=\"aspect-ratio:0.7900390625;width:809px;height:auto\" srcset=\"https:\/\/www.brethren.org\/news\/wp-content\/uploads\/sites\/2\/2026\/09\/Messenger-2001-11-JudyMillsReimerQuote-1200px-809x1024.jpg 809w, https:\/\/www.brethren.org\/news\/wp-content\/uploads\/sites\/2\/2026\/09\/Messenger-2001-11-JudyMillsReimerQuote-1200px-237x300.jpg 237w, https:\/\/www.brethren.org\/news\/wp-content\/uploads\/sites\/2\/2026\/09\/Messenger-2001-11-JudyMillsReimerQuote-1200px-768x972.jpg 768w, https:\/\/www.brethren.org\/news\/wp-content\/uploads\/sites\/2\/2026\/09\/Messenger-2001-11-JudyMillsReimerQuote-1200px-560x709.jpg 560w, https:\/\/www.brethren.org\/news\/wp-content\/uploads\/sites\/2\/2026\/09\/Messenger-2001-11-JudyMillsReimerQuote-1200px.jpg 948w\" sizes=\"auto, (max-width: 809px) 100vw, 809px\" \/><\/figure>\n\n\n\n<h2 class=\"wp-block-heading\">Lo que dijimos: <strong>Recuerden qui\u00e9nes somos<\/strong><\/h2>\n\n\n\n<p class=\"wp-block-paragraph\"><em>El n\u00famero de noviembre de 2001<\/em> de The Messenger <em>( <a href=\"https:\/\/www.brethren.org\/messenger\/archive\/2001-issues\">desc\u00e1rguelo aqu\u00ed<\/a> ) tambi\u00e9n incluy\u00f3 declaraciones y oraciones de una amplia variedad de personas, incluidos l\u00edderes religiosos. A continuaci\u00f3n, se presentan extractos de algunas de esas declaraciones:<\/em><\/p>\n\n\n\n<p class=\"wp-block-paragraph\"><strong>Recordemos qui\u00e9nes somos<\/strong> <strong>y a qui\u00e9n pertenecemos.<\/strong><\/p>\n\n\n\n<p class=\"wp-block-paragraph\">Mientras intentamos comprender lo incomprensible, recordemos en la Iglesia de los Hermanos qui\u00e9nes somos y a qui\u00e9n pertenecemos. Este es un momento para reafirmar nuestra convicci\u00f3n cristiana de que toda guerra es injusta. Exhortemos a nuestro gobierno a responder de manera que no aumente la violencia ni provoque la p\u00e9rdida de m\u00e1s vidas inocentes. Seamos instrumentos de sanaci\u00f3n en nuestros barrios, donde personas de otras religiones y or\u00edgenes son blanco de ataques injustos. Desde la perspectiva de nuestra Iglesia de los Hermanos, continuemos dando testimonio del evangelio de paz de Jes\u00fas.<br><em>\u2014 Judy Mills Reimer, secretaria general de la Iglesia de los Hermanos<\/em> .<\/p>\n\n\n\n<figure class=\"wp-block-image is-resized\"><img loading=\"lazy\" decoding=\"async\" width=\"812\" height=\"1024\" src=\"https:\/\/www.brethren.org\/news\/wp-content\/uploads\/sites\/2\/2026\/09\/Messenger-2001-11-PaulGroutQuote-1200px-812x1024.jpg\" alt=\"\" class=\"wp-image-27691\" style=\"aspect-ratio:0.79296875;width:812px;height:auto\" srcset=\"https:\/\/www.brethren.org\/news\/wp-content\/uploads\/sites\/2\/2026\/09\/Messenger-2001-11-PaulGroutQuote-1200px-812x1024.jpg 812w, https:\/\/www.brethren.org\/news\/wp-content\/uploads\/sites\/2\/2026\/09\/Messenger-2001-11-PaulGroutQuote-1200px-238x300.jpg 238w, https:\/\/www.brethren.org\/news\/wp-content\/uploads\/sites\/2\/2026\/09\/Messenger-2001-11-PaulGroutQuote-1200px-768x969.jpg 768w, https:\/\/www.brethren.org\/news\/wp-content\/uploads\/sites\/2\/2026\/09\/Messenger-2001-11-PaulGroutQuote-1200px-560x707.jpg 560w, https:\/\/www.brethren.org\/news\/wp-content\/uploads\/sites\/2\/2026\/09\/Messenger-2001-11-PaulGroutQuote-1200px.jpg 951w\" sizes=\"auto, (max-width: 812px) 100vw, 812px\" \/><\/figure>\n\n\n\n<p class=\"wp-block-paragraph\"><strong>Una temporada de silencio<\/strong><\/p>\n\n\n\n<p class=\"wp-block-paragraph\">Podemos llorar con los que lloran. Podemos solidarizarnos con los perseguidos por compartir un origen \u00e9tnico y religioso com\u00fan con quienes han cometido un crimen atroz. Podemos entrar en un silencio sagrado. Hay momentos en que la respuesta m\u00e1s fiel es el silencio. Este silencio no implica caer con las manos en la futilidad o la desesperaci\u00f3n. En este silencio, elevamos las manos al cielo, las abrimos para recibir.<br><em>\u2014Paul Grout, moderador de la Conferencia Anual de la Iglesia de los Hermanos<\/em> .<\/p>\n\n\n\n<figure class=\"wp-block-image is-resized\"><img loading=\"lazy\" decoding=\"async\" width=\"812\" height=\"1024\" src=\"https:\/\/www.brethren.org\/news\/wp-content\/uploads\/sites\/2\/2026\/09\/Messenger-2001-11-DanielPetryQuote-1200px-812x1024.jpg\" alt=\"\" class=\"wp-image-27692\" style=\"aspect-ratio:0.79296875;width:812px;height:auto\" srcset=\"https:\/\/www.brethren.org\/news\/wp-content\/uploads\/sites\/2\/2026\/09\/Messenger-2001-11-DanielPetryQuote-1200px-812x1024.jpg 812w, https:\/\/www.brethren.org\/news\/wp-content\/uploads\/sites\/2\/2026\/09\/Messenger-2001-11-DanielPetryQuote-1200px-238x300.jpg 238w, https:\/\/www.brethren.org\/news\/wp-content\/uploads\/sites\/2\/2026\/09\/Messenger-2001-11-DanielPetryQuote-1200px-768x969.jpg 768w, https:\/\/www.brethren.org\/news\/wp-content\/uploads\/sites\/2\/2026\/09\/Messenger-2001-11-DanielPetryQuote-1200px-560x707.jpg 560w, https:\/\/www.brethren.org\/news\/wp-content\/uploads\/sites\/2\/2026\/09\/Messenger-2001-11-DanielPetryQuote-1200px.jpg 951w\" sizes=\"auto, (max-width: 812px) 100vw, 812px\" \/><\/figure>\n\n\n\n<p class=\"wp-block-paragraph\"><strong>Una oraci\u00f3n por los pacificadores<\/strong><\/p>\n\n\n\n<p class=\"wp-block-paragraph\">Dios grande, amoroso y eterno: Aun cuando compartimos con nuestros compatriotas la tristeza, la ira y la profunda sensaci\u00f3n de violaci\u00f3n que han causado estos horribles actos de terrorismo, danos el valor para permanecer fieles a lo mejor de nosotros mismos como miembros de la Iglesia de los Hermanos.<\/p>\n\n\n\n<p class=\"wp-block-paragraph\">Nos encontramos una vez m\u00e1s ante una \u00e9poca de grandes pruebas. Las tensiones se intensifican; la fiebre b\u00e9lica crece d\u00eda a d\u00eda. \u00bfNosotros, tu iglesia, nos esconderemos, guardaremos silencio sobre nuestras convicciones y permitiremos que la violencia se apodere de nuestra tierra? \u00bfO nos mantendremos firmes por Jes\u00fas, proclamaremos las convicciones que aprendimos de \u00e9l y ense\u00f1aremos a nuestros hijos, con palabras y con el ejemplo, que el verdadero discipulado no es f\u00e1cil ni popular en tiempos como estos?<\/p>\n\n\n\n<p class=\"wp-block-paragraph\">Se\u00f1or, nos dijiste que am\u00e1ramos a nuestros enemigos y or\u00e1ramos por quienes nos persiguen. Haremos falta mucha fortaleza para hacerlo. Se requerir\u00e1 valent\u00eda para recordarles este mandamiento a nuestros hermanos y hermanas. Muchos, si no la mayor\u00eda, pensar\u00e1n que estamos diciendo tonter\u00edas. Nuestras palabras podr\u00edan perderse en el viento abrasador de la ret\u00f3rica b\u00e9lica. Pero, oh Se\u00f1or, creemos en tu camino. Hemos visto el poder de la cruz, el poder del amor para vencer el mal, el poder de la gracia para transformar corazones de piedra. Y hemos visto el poder de la Resurrecci\u00f3n.<br><em>\u2014Daniel M. Petry, de una oraci\u00f3n pronunciada en la Conferencia del Distrito Norte de Indiana<\/em> .<\/p>\n\n\n\n<figure class=\"wp-block-image is-resized\"><img loading=\"lazy\" decoding=\"async\" width=\"951\" height=\"57\" src=\"https:\/\/www.brethren.org\/news\/wp-content\/uploads\/sites\/2\/2026\/09\/Messenger-2001-11-dividerbar-1200px.jpg\" alt=\"\" class=\"wp-image-27705\" style=\"aspect-ratio:16.68421052631579;width:951px;height:auto\" srcset=\"https:\/\/www.brethren.org\/news\/wp-content\/uploads\/sites\/2\/2026\/09\/Messenger-2001-11-dividerbar-1200px.jpg 951w, https:\/\/www.brethren.org\/news\/wp-content\/uploads\/sites\/2\/2026\/09\/Messenger-2001-11-dividerbar-1200px-300x18.jpg 300w, https:\/\/www.brethren.org\/news\/wp-content\/uploads\/sites\/2\/2026\/09\/Messenger-2001-11-dividerbar-1200px-768x46.jpg 768w, https:\/\/www.brethren.org\/news\/wp-content\/uploads\/sites\/2\/2026\/09\/Messenger-2001-11-dividerbar-1200px-560x34.jpg 560w\" sizes=\"auto, (max-width: 951px) 100vw, 951px\" \/><\/figure>\n\n\n\n<p class=\"wp-block-paragraph\"><strong>Devolver el mal no es el camino de Dios.<\/strong><\/p>\n\n\n\n<p class=\"wp-block-paragraph\">Mi fe en Dios, manifestada en la vida y las ense\u00f1anzas de Jesucristo, me impulsa a vivir el amor que Cristo demostr\u00f3 al enfrentarse al mal y la violencia. En muchas ocasiones, supo afrontar el mal con el poder del amor y contrarrestar las malas intenciones. Cuando la violencia lo venci\u00f3, no se resisti\u00f3, sino que perdon\u00f3 a sus agresores. Lo hizo sabiendo que habr\u00eda quienes lo seguir\u00edan y ser\u00edan capaces de fundar su iglesia; y lo hizo con plena confianza en la capacidad de Dios para sacar algo bueno de su sufrimiento y muerte.<\/p>\n\n\n\n<p class=\"wp-block-paragraph\">No puedo hablar por quienes han perdido seres queridos, quienes est\u00e1n heridos y sufren en este momento, quienes han sido traumatizados emocionalmente de maneras inimaginables. No s\u00e9 con certeza qu\u00e9 har\u00eda yo en circunstancias similares. Pero desde los tr\u00e1gicos sucesos del 11 de septiembre, estoy a\u00fan m\u00e1s convencido de que devolver mal por mal no es el camino de Dios.<br><em>\u2014Donald Parker, presidente de la antigua Junta General de la Iglesia de los Hermanos<\/em> .<\/p>\n\n\n\n<figure class=\"wp-block-image is-resized\"><img loading=\"lazy\" decoding=\"async\" width=\"951\" height=\"57\" src=\"https:\/\/www.brethren.org\/news\/wp-content\/uploads\/sites\/2\/2026\/09\/Messenger-2001-11-dividerbar-1200px.jpg\" alt=\"\" class=\"wp-image-27705\" style=\"aspect-ratio:16.68421052631579;width:951px;height:auto\" srcset=\"https:\/\/www.brethren.org\/news\/wp-content\/uploads\/sites\/2\/2026\/09\/Messenger-2001-11-dividerbar-1200px.jpg 951w, https:\/\/www.brethren.org\/news\/wp-content\/uploads\/sites\/2\/2026\/09\/Messenger-2001-11-dividerbar-1200px-300x18.jpg 300w, https:\/\/www.brethren.org\/news\/wp-content\/uploads\/sites\/2\/2026\/09\/Messenger-2001-11-dividerbar-1200px-768x46.jpg 768w, https:\/\/www.brethren.org\/news\/wp-content\/uploads\/sites\/2\/2026\/09\/Messenger-2001-11-dividerbar-1200px-560x34.jpg 560w\" sizes=\"auto, (max-width: 951px) 100vw, 951px\" \/><\/figure>\n\n\n\n<p class=\"wp-block-paragraph\"><strong>Nuestra nueva vulnerabilidad<\/strong><\/p>\n\n\n\n<p class=\"wp-block-paragraph\">En esta naci\u00f3n, ya no somos una isla de tranquilidad, protegida por oc\u00e9anos, prosperidad y vallas de la violencia que azota a tantos de nuestros vecinos globales. De repente, nos damos cuenta de nuestra vulnerabilidad. Pero esta vulnerabilidad tambi\u00e9n ofrece oportunidades, si logramos aprovecharlas una vez que las cosas se calmen y nuestras pasiones se apaguen. Por ejemplo, ahora podemos empatizar mejor con las personas vulnerables de todo el mundo, para quienes ir a la escuela en un entorno hostil, llevar una vida normal en su pueblo incluso bajo la amenaza de bombardeos gubernamentales, o regresar a casa con una pareja abusiva, es un ejercicio diario de profunda vulnerabilidad. Quiz\u00e1s nos sintamos impulsados \u200b\u200ba apoyarlos m\u00e1s de cerca, a brindarles una asistencia m\u00e1s sustancial y a defender su causa con la pasi\u00f3n que nace de quienes ahora pueden empatizar en lugar de simplemente simpatizar.<br><em>\u2014David Radcliff, director de Brethren Witness para la Iglesia de los Hermanos<\/em> .<\/p>\n\n\n\n<figure class=\"wp-block-image is-resized\"><img loading=\"lazy\" decoding=\"async\" width=\"951\" height=\"57\" src=\"https:\/\/www.brethren.org\/news\/wp-content\/uploads\/sites\/2\/2026\/09\/Messenger-2001-11-dividerbar-1200px.jpg\" alt=\"\" class=\"wp-image-27705\" style=\"aspect-ratio:16.68421052631579;width:951px;height:auto\" srcset=\"https:\/\/www.brethren.org\/news\/wp-content\/uploads\/sites\/2\/2026\/09\/Messenger-2001-11-dividerbar-1200px.jpg 951w, https:\/\/www.brethren.org\/news\/wp-content\/uploads\/sites\/2\/2026\/09\/Messenger-2001-11-dividerbar-1200px-300x18.jpg 300w, https:\/\/www.brethren.org\/news\/wp-content\/uploads\/sites\/2\/2026\/09\/Messenger-2001-11-dividerbar-1200px-768x46.jpg 768w, https:\/\/www.brethren.org\/news\/wp-content\/uploads\/sites\/2\/2026\/09\/Messenger-2001-11-dividerbar-1200px-560x34.jpg 560w\" sizes=\"auto, (max-width: 951px) 100vw, 951px\" \/><\/figure>\n\n\n\n<p class=\"wp-block-paragraph\"><strong>Carta a los j\u00f3venes de los Hermanos<\/strong><\/p>\n\n\n\n<p class=\"wp-block-paragraph\">Lamento que la iglesia no est\u00e9 en mejores condiciones en estos tiempos. Los adultos mayores les hemos dado la impresi\u00f3n de que la iglesia debe entretenerlos y que ser cristiano es divertido. No les hemos ense\u00f1ado bien que la fe es un compromiso total de vida con Jesucristo que incluye alegr\u00eda y sacrificio.<\/p>\n\n\n\n<p class=\"wp-block-paragraph\">Les hemos dejado una iglesia que da la impresi\u00f3n de que deben elegir qu\u00e9 aspectos de la fe cristiana les resultan c\u00f3modos y descartar el resto. La fe es el testimonio colectivo de la iglesia sobre Jesucristo, no una cuesti\u00f3n de preferencias.<\/p>\n\n\n\n<p class=\"wp-block-paragraph\">A veces hablamos de la paz como si su \u00fanico prop\u00f3sito fuera garantizar la estabilidad pol\u00edtica internacional. No hemos dejado suficientemente claro que los disc\u00edpulos de Jes\u00fas conf\u00edan en su paz y trabajan por ella, independientemente de la situaci\u00f3n pol\u00edtica internacional.<\/p>\n\n\n\n<p class=\"wp-block-paragraph\">Algunos dir\u00e1n que la v\u00eda pac\u00edfica equivale a no defender a nuestro pa\u00eds y es una forma cobarde de evitar los peligros de la guerra. Recordemos que en una guerra terrorista, todos los civiles son objetivos militares que comparten constantemente el peligro de la muerte. Los cristianos est\u00e1n dispuestos a vivir y morir por su fe, pero no a matar por ella, ni por una instituci\u00f3n pol\u00edtica.<\/p>\n\n\n\n<p class=\"wp-block-paragraph\">Algunos dir\u00e1n que la paz es pasiva. Recordemos que, en el momento de su arresto, Jes\u00fas san\u00f3 a uno de sus agresores despu\u00e9s de que Pedro lo hiriera con la espada. Los disc\u00edpulos de Jes\u00fas pueden ser igualmente activos en la sanaci\u00f3n, tanto para quienes han perdido a seres queridos como, con suerte, para los muchos civiles inocentes que se encuentran en peligro ante la amenaza de la fuerza militar internacional.<br><em>\u2014Jeff Bach, pastor y profesor del Seminario Teol\u00f3gico Bethany.<\/em><\/p>\n\n\n\n<figure class=\"wp-block-image is-resized\"><img loading=\"lazy\" decoding=\"async\" width=\"951\" height=\"57\" src=\"https:\/\/www.brethren.org\/news\/wp-content\/uploads\/sites\/2\/2026\/09\/Messenger-2001-11-dividerbar-1200px.jpg\" alt=\"\" class=\"wp-image-27705\" style=\"aspect-ratio:16.68421052631579;width:951px;height:auto\" srcset=\"https:\/\/www.brethren.org\/news\/wp-content\/uploads\/sites\/2\/2026\/09\/Messenger-2001-11-dividerbar-1200px.jpg 951w, https:\/\/www.brethren.org\/news\/wp-content\/uploads\/sites\/2\/2026\/09\/Messenger-2001-11-dividerbar-1200px-300x18.jpg 300w, https:\/\/www.brethren.org\/news\/wp-content\/uploads\/sites\/2\/2026\/09\/Messenger-2001-11-dividerbar-1200px-768x46.jpg 768w, https:\/\/www.brethren.org\/news\/wp-content\/uploads\/sites\/2\/2026\/09\/Messenger-2001-11-dividerbar-1200px-560x34.jpg 560w\" sizes=\"auto, (max-width: 951px) 100vw, 951px\" \/><\/figure>\n\n\n\n<p class=\"wp-block-paragraph\"><strong>Cuando usan el nombre de Dios<\/strong><\/p>\n\n\n\n<p class=\"wp-block-paragraph\">\u00bfQu\u00e9 significa para la gente invocar el nombre de Dios en tiempos de crisis nacional? Es dif\u00edcil criticar un aparente despertar religioso en todo el pa\u00eds, pero \u00bfse trata realmente de Dios? Y lo que es m\u00e1s importante, \u00bfes algo inofensivo? \u00bfQui\u00e9n puede identificar el momento en que la frase pasa de ser una oraci\u00f3n sincera por la sanaci\u00f3n nacional a una declaraci\u00f3n de destino manifiesto?<\/p>\n\n\n\n<p class=\"wp-block-paragraph\">Como pueblo que busca seguir a Jes\u00fas, en la Iglesia de los Hermanos debemos alarmarnos cuando se usa el nombre de Dios para justificar la participaci\u00f3n de nuestra naci\u00f3n en la guerra. No creemos que Dios est\u00e9 bendiciendo a terroristas desorientados pero inspirados por la religi\u00f3n. \u00bfAcaso debemos creer que nuestras bombas son m\u00e1s agradables a Dios que las suyas?<br><em>\u2014Wendy McFadden<\/em> , <em>editora<\/em> de Messenger .<\/p>\n\n\n\n<p class=\"wp-block-paragraph\">#JuntaDeMisi\u00f3nYMinisterio #PlanEstrat\u00e9gico #JusticiaRacial #AmamosANuestroPr\u00f3jimo #Discipulado #OfrendasDelNuevoTestamento<\/p>\n\n\n\n<p class=\"wp-block-paragraph\"><\/p>\n","protected":false},"excerpt":{"rendered":"<p>Han transcurrido veinticinco a\u00f1os desde los atentados terroristas del 11 de septiembre, pero el dolor de aquel d\u00eda sigue muy presente para muchos. Recordamos a las casi 3.000 personas que perdieron la vida en la ciudad de Nueva York, en el Pent\u00e1gono y cerca de Shanksville, Pensilvania. Honramos a quienes se enfrentaron al peligro para ayudar a los dem\u00e1s y oramos por las familias, los sobrevivientes, los rescatistas y los trabajadores de recuperaci\u00f3n, y las comunidades que siguen lidiando con el dolor, el trauma, la enfermedad y la p\u00e9rdida.<br \/>\nTambi\u00e9n recordamos el sufrimiento que sigui\u00f3.<\/p>\n","protected":false},"author":3,"featured_media":0,"comment_status":"closed","ping_status":"closed","sticky":false,"template":"","format":"standard","meta":{"_acf_changed":false,"rop_custom_images_group":[],"rop_custom_messages_group":[],"rop_publish_now":"yes","rop_publish_now_accounts":[],"rop_publish_now_history":[],"rop_publish_now_status":"pending","ngg_post_thumbnail":0,"footnotes":""},"categories":[1703],"tags":[292,3897,1277],"wf_post_folders":[],"class_list":["post-27711","post","type-post","status-publish","format-standard","hentry","category-church-of-the-brethren-newsline","tag-9-11","tag-recordando-el-11-de-septiembre","tag-spanish"],"acf":[],"_links":{"self":[{"href":"https:\/\/www.brethren.org\/news\/wp-json\/wp\/v2\/posts\/27711","targetHints":{"allow":["GET"]}}],"collection":[{"href":"https:\/\/www.brethren.org\/news\/wp-json\/wp\/v2\/posts"}],"about":[{"href":"https:\/\/www.brethren.org\/news\/wp-json\/wp\/v2\/types\/post"}],"author":[{"embeddable":true,"href":"https:\/\/www.brethren.org\/news\/wp-json\/wp\/v2\/users\/3"}],"replies":[{"embeddable":true,"href":"https:\/\/www.brethren.org\/news\/wp-json\/wp\/v2\/comments?post=27711"}],"version-history":[{"count":1,"href":"https:\/\/www.brethren.org\/news\/wp-json\/wp\/v2\/posts\/27711\/revisions"}],"predecessor-version":[{"id":27712,"href":"https:\/\/www.brethren.org\/news\/wp-json\/wp\/v2\/posts\/27711\/revisions\/27712"}],"wp:attachment":[{"href":"https:\/\/www.brethren.org\/news\/wp-json\/wp\/v2\/media?parent=27711"}],"wp:term":[{"taxonomy":"category","embeddable":true,"href":"https:\/\/www.brethren.org\/news\/wp-json\/wp\/v2\/categories?post=27711"},{"taxonomy":"post_tag","embeddable":true,"href":"https:\/\/www.brethren.org\/news\/wp-json\/wp\/v2\/tags?post=27711"},{"taxonomy":"wf_post_folders","embeddable":true,"href":"https:\/\/www.brethren.org\/news\/wp-json\/wp\/v2\/wf_post_folders?post=27711"}],"curies":[{"name":"wp","href":"https:\/\/api.w.org\/{rel}","templated":true}]}}